{"id":3581,"date":"2026-04-27T21:19:03","date_gmt":"2026-04-27T19:19:03","guid":{"rendered":"https:\/\/www.tsvplattling.de\/?p=3581"},"modified":"2026-04-27T21:19:04","modified_gmt":"2026-04-27T19:19:04","slug":"neugruendung-der-abteilung-reiten","status":"publish","type":"post","link":"https:\/\/www.tsvplattling.de\/index.php\/2026\/04\/27\/neugruendung-der-abteilung-reiten\/","title":{"rendered":"Neugr\u00fcndung der Abteilung Reiten"},"content":{"rendered":"\n<p>Am 25.04.2026 war f\u00fcr unsere Abteilung ein ganz besonderer Moment: Wir haben uns neu aufgestellt und sind ab sofort eigenst\u00e4ndig als Reitabteilung. Im Mittelpunkt steht dabei das, was uns verbindet und begeistert \u2013 der Reitsport und unser immer beliebter werdendes Hobby Horsing \ud83d\udc34\u2728<\/p>\n\n\n\n<p>Im Rahmen der Neugr\u00fcndung wurde auch unsere neue Vorstandschaft gew\u00e4hlt: Martina Liebl (1. Vorstand), Hermann Sattler (2. Vorstand), Christin Kretzschmar (Kassier), Selina Sattler (Schriftf\u00fchrerin) sowie Lisa Kretzschmar (Jugend-\/Sportwart). Gemeinsam m\u00f6chten wir mit viel Herz und Engagement in die Zukunft starten.<\/p>\n\n\n\n<figure class=\"wp-block-image size-medium\"><a href=\"https:\/\/www.tsvplattling.de\/wp-content\/uploads\/2026\/04\/Vorstandschaft-2026-2028.jpeg\"><img loading=\"lazy\" decoding=\"async\" width=\"300\" height=\"225\" src=\"https:\/\/www.tsvplattling.de\/wp-content\/uploads\/2026\/04\/Vorstandschaft-2026-2028-300x225.jpeg\" alt=\"\" class=\"wp-image-3582\" srcset=\"https:\/\/www.tsvplattling.de\/wp-content\/uploads\/2026\/04\/Vorstandschaft-2026-2028-300x225.jpeg 300w, https:\/\/www.tsvplattling.de\/wp-content\/uploads\/2026\/04\/Vorstandschaft-2026-2028-1024x768.jpeg 1024w, https:\/\/www.tsvplattling.de\/wp-content\/uploads\/2026\/04\/Vorstandschaft-2026-2028-768x576.jpeg 768w, https:\/\/www.tsvplattling.de\/wp-content\/uploads\/2026\/04\/Vorstandschaft-2026-2028-1536x1152.jpeg 1536w, https:\/\/www.tsvplattling.de\/wp-content\/uploads\/2026\/04\/Vorstandschaft-2026-2028-1320x990.jpeg 1320w, https:\/\/www.tsvplattling.de\/wp-content\/uploads\/2026\/04\/Vorstandschaft-2026-2028.jpeg 1600w\" sizes=\"auto, (max-width: 300px) 100vw, 300px\" \/><\/a><\/figure>\n\n\n\n<p>F\u00fcr das kommende Jahr 2026 haben wir bereits viele sch\u00f6ne H\u00f6hepunkte geplant: vom Volksfestauszug \u00fcber \u201eFerien mit Pfiff\u201c mit Stall\u00fcbernachtung, unser Hobby-Horse-Turnier im September, einen Ausflug nach Gut Aiderbichl bis hin zum Christkindlmarkt in Plattling \ud83c\udfa1\ud83d\udc34\ud83c\udf84. Erg\u00e4nzt werden diese besonderen Termine durch unsere regelm\u00e4\u00dfigen Hobby-Horse-Trainings, in denen bereits flei\u00dfig f\u00fcr das Turnier ge\u00fcbt wird.<\/p>\n\n\n\n<figure class=\"wp-block-image size-medium\"><a href=\"https:\/\/www.tsvplattling.de\/wp-content\/uploads\/2026\/04\/Hobby-Horsing-.jpg\"><img loading=\"lazy\" decoding=\"async\" width=\"300\" height=\"172\" src=\"https:\/\/www.tsvplattling.de\/wp-content\/uploads\/2026\/04\/Hobby-Horsing--300x172.jpg\" alt=\"\" class=\"wp-image-3583\" srcset=\"https:\/\/www.tsvplattling.de\/wp-content\/uploads\/2026\/04\/Hobby-Horsing--300x172.jpg 300w, https:\/\/www.tsvplattling.de\/wp-content\/uploads\/2026\/04\/Hobby-Horsing--1024x586.jpg 1024w, https:\/\/www.tsvplattling.de\/wp-content\/uploads\/2026\/04\/Hobby-Horsing--768x439.jpg 768w, https:\/\/www.tsvplattling.de\/wp-content\/uploads\/2026\/04\/Hobby-Horsing--1536x878.jpg 1536w, https:\/\/www.tsvplattling.de\/wp-content\/uploads\/2026\/04\/Hobby-Horsing--1320x755.jpg 1320w, https:\/\/www.tsvplattling.de\/wp-content\/uploads\/2026\/04\/Hobby-Horsing-.jpg 1864w\" sizes=\"auto, (max-width: 300px) 100vw, 300px\" \/><\/a><\/figure>\n\n\n\n<p>Wir blicken voller Vorfreude auf die kommende Zeit und freuen uns auf viele gemeinsame Erlebnisse mit unseren Kindern, Jugendlichen und Mitgliedern \ud83c\udf38\ud83d\udc34<\/p>\n\n\n\n<p>Bei Anfragen zu Veranstaltungen oder zum Hobby Horsing stehen wir gerne zur Verf\u00fcgung:<br>Selina Sattler (0176 \/ 76758280), Lisa Kretzschmar (01517 \/ 4595782) oder per E-Mail an <a>tsvplattlingreiten@gmx.de<\/a>.<\/p>\n\n\n\n<p>Autor und Bilder: Selina Sattler<\/p>\n","protected":false},"excerpt":{"rendered":"<p>Am 25.04.2026 war f\u00fcr unsere Abteilung ein ganz besonderer Moment: Wir haben uns neu aufgestellt und sind ab sofort eigenst\u00e4ndig als Reitabteilung. Im Mittelpunkt steht dabei das, was uns verbindet und begeistert \u2013 der Reitsport und unser immer beliebter werdendes<\/p>\n","protected":false},"author":4,"featured_media":0,"comment_status":"closed","ping_status":"open","sticky":false,"template":"","format":"standard","meta":{"footnotes":""},"categories":[1],"tags":[],"class_list":["post-3581","post","type-post","status-publish","format-standard","hentry","category-news"],"_links":{"self":[{"href":"https:\/\/www.tsvplattling.de\/index.php\/wp-json\/wp\/v2\/posts\/3581","targetHints":{"allow":["GET"]}}],"collection":[{"href":"https:\/\/www.tsvplattling.de\/index.php\/wp-json\/wp\/v2\/posts"}],"about":[{"href":"https:\/\/www.tsvplattling.de\/index.php\/wp-json\/wp\/v2\/types\/post"}],"author":[{"embeddable":true,"href":"https:\/\/www.tsvplattling.de\/index.php\/wp-json\/wp\/v2\/users\/4"}],"replies":[{"embeddable":true,"href":"https:\/\/www.tsvplattling.de\/index.php\/wp-json\/wp\/v2\/comments?post=3581"}],"version-history":[{"count":1,"href":"https:\/\/www.tsvplattling.de\/index.php\/wp-json\/wp\/v2\/posts\/3581\/revisions"}],"predecessor-version":[{"id":3584,"href":"https:\/\/www.tsvplattling.de\/index.php\/wp-json\/wp\/v2\/posts\/3581\/revisions\/3584"}],"wp:attachment":[{"href":"https:\/\/www.tsvplattling.de\/index.php\/wp-json\/wp\/v2\/media?parent=3581"}],"wp:term":[{"taxonomy":"category","embeddable":true,"href":"https:\/\/www.tsvplattling.de\/index.php\/wp-json\/wp\/v2\/categories?post=3581"},{"taxonomy":"post_tag","embeddable":true,"href":"https:\/\/www.tsvplattling.de\/index.php\/wp-json\/wp\/v2\/tags?post=3581"}],"curies":[{"name":"wp","href":"https:\/\/api.w.org\/{rel}","templated":true}]}}