{"id":3304,"date":"2025-05-22T08:26:24","date_gmt":"2025-05-22T06:26:24","guid":{"rendered":"https:\/\/www.tsvplattling.de\/?p=3304"},"modified":"2025-05-22T08:26:40","modified_gmt":"2025-05-22T06:26:40","slug":"kick-off-meeting-der-sportabzeichen-pruefer-im-blsv-kreis-deggendorf","status":"publish","type":"post","link":"https:\/\/www.tsvplattling.de\/index.php\/2025\/05\/22\/kick-off-meeting-der-sportabzeichen-pruefer-im-blsv-kreis-deggendorf\/","title":{"rendered":"Kick-Off-Meeting der Sportabzeichen-Pr\u00fcfer im BLSV Kreis Deggendorf"},"content":{"rendered":"\n<figure class=\"wp-block-gallery has-nested-images columns-default is-cropped wp-block-gallery-1 is-layout-flex wp-block-gallery-is-layout-flex\">\n<figure class=\"wp-block-image size-large\"><a href=\"https:\/\/www.tsvplattling.de\/wp-content\/uploads\/2025\/05\/IMG_9832.jpg\"><img loading=\"lazy\" decoding=\"async\" width=\"1024\" height=\"855\" data-id=\"3305\" src=\"https:\/\/www.tsvplattling.de\/wp-content\/uploads\/2025\/05\/IMG_9832-1024x855.jpg\" alt=\"\" class=\"wp-image-3305\" srcset=\"https:\/\/www.tsvplattling.de\/wp-content\/uploads\/2025\/05\/IMG_9832-1024x855.jpg 1024w, https:\/\/www.tsvplattling.de\/wp-content\/uploads\/2025\/05\/IMG_9832-300x251.jpg 300w, https:\/\/www.tsvplattling.de\/wp-content\/uploads\/2025\/05\/IMG_9832-768x642.jpg 768w, https:\/\/www.tsvplattling.de\/wp-content\/uploads\/2025\/05\/IMG_9832-1536x1283.jpg 1536w, https:\/\/www.tsvplattling.de\/wp-content\/uploads\/2025\/05\/IMG_9832-1320x1103.jpg 1320w, https:\/\/www.tsvplattling.de\/wp-content\/uploads\/2025\/05\/IMG_9832.jpg 1579w\" sizes=\"auto, (max-width: 1024px) 100vw, 1024px\" \/><\/a><\/figure>\n<\/figure>\n\n\n\n<p>Auf Einladung vom langj\u00e4hrigen Sportabzeichen-Guru Walter K\u00f6rner und dem BLSV Kreis- und Bezirksvorsitzenden Otto Baumann trafen sich die Sportabzeichen-Pr\u00fcfer des Landkreises Deggendorf gestern in der Pizzeria Al Trullo D&#8217;ore in Deggendorf um kurz auf die vergangene und die aktuelle Sportabzeichen-Saison zu blicken.<\/p>\n\n\n\n<p>Aufgrund der aktuellen Renovierung des Karl-Weinberger-Stadions in Plattling k\u00f6nnen in diesem Jahr die Leichtathletik-Disziplinen nicht in Plattling angeboten werden. Allerdings wurde gestern die Kooperation mit dem TSV Natternberg und hier federf\u00fchrend zwischen unserem Sportabzeichen-Leiter Andreas Kiermeier und der Sportabzeichen-Leiterin des TSV Natternberg Brigitte Fleischmann vereinbart. Wir werden ab 5. Juni gemeinsam am Sportplatz Haidhof die Abnahmen durchf\u00fchren. N\u00e4here Einzelheiten sind unter folgendem Link zu finden:<br><a href=\"https:\/\/www.tsvplattling.de\/index.php\/sportabzeichen\/termine\/\">https:\/\/www.tsvplattling.de\/index.php\/sportabzeichen\/termine\/<\/a><\/p>\n\n\n\n<p>Bild: Elke Brandl<\/p>\n","protected":false},"excerpt":{"rendered":"<p>Auf Einladung vom langj\u00e4hrigen Sportabzeichen-Guru Walter K\u00f6rner und dem BLSV Kreis- und Bezirksvorsitzenden Otto Baumann trafen sich die Sportabzeichen-Pr\u00fcfer des Landkreises Deggendorf gestern in der Pizzeria Al Trullo D&#8217;ore in Deggendorf um kurz auf die vergangene und die aktuelle Sportabzeichen-Saison<\/p>\n","protected":false},"author":4,"featured_media":0,"comment_status":"closed","ping_status":"open","sticky":false,"template":"","format":"standard","meta":{"footnotes":""},"categories":[1],"tags":[],"class_list":["post-3304","post","type-post","status-publish","format-standard","hentry","category-news"],"_links":{"self":[{"href":"https:\/\/www.tsvplattling.de\/index.php\/wp-json\/wp\/v2\/posts\/3304","targetHints":{"allow":["GET"]}}],"collection":[{"href":"https:\/\/www.tsvplattling.de\/index.php\/wp-json\/wp\/v2\/posts"}],"about":[{"href":"https:\/\/www.tsvplattling.de\/index.php\/wp-json\/wp\/v2\/types\/post"}],"author":[{"embeddable":true,"href":"https:\/\/www.tsvplattling.de\/index.php\/wp-json\/wp\/v2\/users\/4"}],"replies":[{"embeddable":true,"href":"https:\/\/www.tsvplattling.de\/index.php\/wp-json\/wp\/v2\/comments?post=3304"}],"version-history":[{"count":2,"href":"https:\/\/www.tsvplattling.de\/index.php\/wp-json\/wp\/v2\/posts\/3304\/revisions"}],"predecessor-version":[{"id":3307,"href":"https:\/\/www.tsvplattling.de\/index.php\/wp-json\/wp\/v2\/posts\/3304\/revisions\/3307"}],"wp:attachment":[{"href":"https:\/\/www.tsvplattling.de\/index.php\/wp-json\/wp\/v2\/media?parent=3304"}],"wp:term":[{"taxonomy":"category","embeddable":true,"href":"https:\/\/www.tsvplattling.de\/index.php\/wp-json\/wp\/v2\/categories?post=3304"},{"taxonomy":"post_tag","embeddable":true,"href":"https:\/\/www.tsvplattling.de\/index.php\/wp-json\/wp\/v2\/tags?post=3304"}],"curies":[{"name":"wp","href":"https:\/\/api.w.org\/{rel}","templated":true}]}}